{"id":1048,"date":"2019-11-30T12:59:00","date_gmt":"2019-11-30T11:59:00","guid":{"rendered":"https:\/\/.hr\/?p=1048"},"modified":"2022-04-20T14:43:54","modified_gmt":"2022-04-20T13:43:54","slug":"europaeische-struktur-und-investitionsfonds","status":"publish","type":"post","link":"https:\/\/pro-laser.hr\/de\/europaeische-struktur-und-investitionsfonds\/","title":{"rendered":"EUROP\u00c4ISCHE STRUKTUR- UND INVESTITIONSFONDS"},"content":{"rendered":"<p>Das Unternehmen PRO d.o.o. hat auf Grund der durchgef\u00fchrten Ausschreibung zur Internationalisierung von Produkten und Dienstleistungen auf dem Markt der Europ\u00e4ischen Union einen Vertrag zur Mitfinanzierung des Auftritts auf international bedeutenden Messen erhalten. Das Projekt wurde im Rahmen der Geldmittel der EU-Fonds <a href=\"www.strukturnifondovi.hr\" =\"\"=\"\">www.strukturnifondovi.hr<\/a> beziehungsweise <a href=\"https:\/\/ec.europa.eu\/regional_policy\/index.cfm\/en\/funding\/erdf\/\">https:\/\/ec.europa.eu\/regional_policy\/index.cfm\/en\/funding\/erdf\/<\/a> durchgef\u00fchrt. Die Kontaktperson im Unternehmen f\u00fcr die Durchf\u00fchrung des Projekts ist Herr Martin Broz. Dieses Projekt zeugt von Interesse unseres Unternehmens, unser gesch\u00e4ftliches Programm auf anspruchsvollen M\u00e4rkten zu etablieren und unseren Exportanteil zu erh\u00f6hen. F\u00fcr eine vergr\u00f6\u00dferte Darstellung klicken Sie bitte auf das Bild.<\/p>\n","protected":false},"excerpt":{"rendered":"<p>Das Unternehmen PRO d.o.o. hat auf Grund der durchgef\u00fchrten Ausschreibung zur Internationalisierung von Produkten und Dienstleistungen auf dem Markt der Europ\u00e4ischen Union einen Vertrag zur Mitfinanzierung des Auftritts auf international bedeutenden Messen erhalten. Das Projekt wurde im Rahmen der Geldmittel der EU-Fonds www.strukturnifondovi.hr beziehungsweise https:\/\/ec.europa.eu\/regional_policy\/index.cfm\/en\/funding\/erdf\/ durchgef\u00fchrt. Die Kontaktperson im Unternehmen f\u00fcr die Durchf\u00fchrung des Projekts [&hellip;]<\/p>\n","protected":false},"author":1,"featured_media":843,"comment_status":"closed","ping_status":"closed","sticky":false,"template":"","format":"standard","meta":{"footnotes":""},"categories":[9],"tags":[],"class_list":["post-1048","post","type-post","status-publish","format-standard","has-post-thumbnail","hentry","category-unkategorisiert"],"acf":[],"_links":{"self":[{"href":"https:\/\/pro-laser.hr\/de\/wp-json\/wp\/v2\/posts\/1048","targetHints":{"allow":["GET"]}}],"collection":[{"href":"https:\/\/pro-laser.hr\/de\/wp-json\/wp\/v2\/posts"}],"about":[{"href":"https:\/\/pro-laser.hr\/de\/wp-json\/wp\/v2\/types\/post"}],"author":[{"embeddable":true,"href":"https:\/\/pro-laser.hr\/de\/wp-json\/wp\/v2\/users\/1"}],"replies":[{"embeddable":true,"href":"https:\/\/pro-laser.hr\/de\/wp-json\/wp\/v2\/comments?post=1048"}],"version-history":[{"count":0,"href":"https:\/\/pro-laser.hr\/de\/wp-json\/wp\/v2\/posts\/1048\/revisions"}],"wp:featuredmedia":[{"embeddable":true,"href":"https:\/\/pro-laser.hr\/de\/wp-json\/wp\/v2\/media\/843"}],"wp:attachment":[{"href":"https:\/\/pro-laser.hr\/de\/wp-json\/wp\/v2\/media?parent=1048"}],"wp:term":[{"taxonomy":"category","embeddable":true,"href":"https:\/\/pro-laser.hr\/de\/wp-json\/wp\/v2\/categories?post=1048"},{"taxonomy":"post_tag","embeddable":true,"href":"https:\/\/pro-laser.hr\/de\/wp-json\/wp\/v2\/tags?post=1048"}],"curies":[{"name":"wp","href":"https:\/\/api.w.org\/{rel}","templated":true}]}}