{"id":1053,"date":"2019-01-21T16:39:00","date_gmt":"2019-01-21T15:39:00","guid":{"rendered":"https:\/\/.hr\/?p=1053"},"modified":"2022-04-20T15:45:22","modified_gmt":"2022-04-20T14:45:22","slug":"baumesse-bau-2019","status":"publish","type":"post","link":"https:\/\/pro-laser.hr\/de\/baumesse-bau-2019\/","title":{"rendered":"BAUMESSE BAU 2019"},"content":{"rendered":"<p>Im Januar 2019 hat das Unternehmen PRO d.o.o. seine Produkte auf einer der international wichtigsten Messen im Bereich Bauwesen, BAU 2019 ausgestellt. Unter 2.250 Ausstellern auf einer Ausstellungsfl\u00e4che von insgesamt 200.000 Quadratmetern und f\u00fcr rund 250.000 Besucher geh\u00f6ren wir zu denen, die diese Messe mit Genugtuung als erfolgreich bewerteten und erwarten konnten, dass die gekn\u00fcpften Kontakte und gef\u00fchrten Gespr\u00e4che auch eine konkrete Unterst\u00fctzung der Entwicklung der Gesellschaft sind. Wir waren sehr gl\u00fccklich dar\u00fcber, dass uns auf der Messe in M\u00fcnchen im Namen des Konsulats der Republik Kroatien Herr Mladen Nimac, als Konsul der II. Klasse, besucht hat. Die Unterst\u00fctzung der Vertreter des Au\u00dfenministeriums der Republik Kroatien ist ein Beispiel f\u00fcr die besonders wertvolle Unterst\u00fctzung f\u00fcr uns als Produktionsunternehmen, die wir besonders zu sch\u00e4tzen wissen.<\/p>\n","protected":false},"excerpt":{"rendered":"<p>Im Januar 2019 hat das Unternehmen PRO d.o.o. seine Produkte auf einer der international wichtigsten Messen im Bereich Bauwesen, BAU 2019 ausgestellt. Unter 2.250 Ausstellern auf einer Ausstellungsfl\u00e4che von insgesamt 200.000 Quadratmetern und f\u00fcr rund 250.000 Besucher geh\u00f6ren wir zu denen, die diese Messe mit Genugtuung als erfolgreich bewerteten und erwarten konnten, dass die gekn\u00fcpften [&hellip;]<\/p>\n","protected":false},"author":1,"featured_media":857,"comment_status":"closed","ping_status":"closed","sticky":false,"template":"","format":"standard","meta":{"footnotes":""},"categories":[9],"tags":[],"class_list":["post-1053","post","type-post","status-publish","format-standard","has-post-thumbnail","hentry","category-unkategorisiert"],"acf":[],"_links":{"self":[{"href":"https:\/\/pro-laser.hr\/de\/wp-json\/wp\/v2\/posts\/1053","targetHints":{"allow":["GET"]}}],"collection":[{"href":"https:\/\/pro-laser.hr\/de\/wp-json\/wp\/v2\/posts"}],"about":[{"href":"https:\/\/pro-laser.hr\/de\/wp-json\/wp\/v2\/types\/post"}],"author":[{"embeddable":true,"href":"https:\/\/pro-laser.hr\/de\/wp-json\/wp\/v2\/users\/1"}],"replies":[{"embeddable":true,"href":"https:\/\/pro-laser.hr\/de\/wp-json\/wp\/v2\/comments?post=1053"}],"version-history":[{"count":0,"href":"https:\/\/pro-laser.hr\/de\/wp-json\/wp\/v2\/posts\/1053\/revisions"}],"wp:featuredmedia":[{"embeddable":true,"href":"https:\/\/pro-laser.hr\/de\/wp-json\/wp\/v2\/media\/857"}],"wp:attachment":[{"href":"https:\/\/pro-laser.hr\/de\/wp-json\/wp\/v2\/media?parent=1053"}],"wp:term":[{"taxonomy":"category","embeddable":true,"href":"https:\/\/pro-laser.hr\/de\/wp-json\/wp\/v2\/categories?post=1053"},{"taxonomy":"post_tag","embeddable":true,"href":"https:\/\/pro-laser.hr\/de\/wp-json\/wp\/v2\/tags?post=1053"}],"curies":[{"name":"wp","href":"https:\/\/api.w.org\/{rel}","templated":true}]}}